{"id":861,"date":"2026-01-07T11:12:46","date_gmt":"2026-01-07T10:12:46","guid":{"rendered":"https:\/\/haras-de-nantes.fr\/evenements\/?p=861"},"modified":"2026-01-07T11:12:47","modified_gmt":"2026-01-07T10:12:47","slug":"le-haras-de-nantes-et-le-combo-ibis-et-ibis-budget-de-treillieres-sassocient-pour-proposer-des-seminaires-cles-en-main-aux-entreprises","status":"publish","type":"post","link":"https:\/\/haras-de-nantes.fr\/evenements\/2026\/01\/07\/le-haras-de-nantes-et-le-combo-ibis-et-ibis-budget-de-treillieres-sassocient-pour-proposer-des-seminaires-cles-en-main-aux-entreprises\/","title":{"rendered":"Le Haras de Nantes\u00a0et le combo Ibis et Ibis budget de Treilli\u00e8res\u00a0s&rsquo;associent pour proposer des s\u00e9minaires cl\u00e9s en main aux entreprises"},"content":{"rendered":"\n<p>Le Haras de Nantes est heureux d\u2019annoncer la signature d\u2019un partenariat avec\u00a0le combo Ibis\u00a0et l&rsquo;Ibis budget de Treilli\u00e8res, visant \u00e0 offrir une solution cl\u00e9 en main pour les entreprises et institutions souhaitant organiser des s\u00e9minaires. Les nouveaux espaces XXL du Haras de Nantes, combin\u00e9s aux services qualitatifs du nouvel Ibis de Treilli\u00e8res, offrent aux clients des solutions premium et diff\u00e9renciantes\u00a0\u00e0 l&rsquo;Est de la couronne Nantaise.\u00a0\u00a0<br><br>Gr\u00e2ce \u00e0 cette collaboration, les\u00a0entreprises \u00a0mais aussi les participants aux manifestations sportives du Haras de Nantes pourront b\u00e9n\u00e9ficier de tarifs particuli\u00e8rement attractifs, incluant les chambres, les repas et l&rsquo;usage des diff\u00e9rents espaces au sein du Haras.\u00a0<\/p>\n\n\n\n<p>Ce partenariat s\u2019inscrit dans la volont\u00e9 du Haras de proposer un accompagnement complet et sur-mesure \u00e0 ses clients, tout en s\u2019appuyant sur des partenaires locaux engag\u00e9s dans la qualit\u00e9 de service.<br><br>Pour plus d\u2019informations sur les offres packag\u00e9es, la r\u00e9servation ou des demandes sp\u00e9cifiques rendez-vous sur notre site internet :\u00a0<a href=\"https:\/\/ddec1-0-en-ctp.trendmicro.com\/wis\/clicktime\/v1\/query?url=https%3a%2f%2fharas%2dde%2dnantes.fr%2fhebergement%2fhebergement.html&amp;umid=1f5566b3-6c64-44a0-942b-4eba7b24c50a&amp;rct=1767001010&amp;auth=425f1f34671f589a3c09af172bfc11942b97c2dc-1fedb7c892700f046162947f19bb33a1a0620859\" target=\"_blank\" rel=\"noreferrer noopener\">https:\/\/haras-de-nantes.fr\/hebergement\/hebergement.html<\/a><\/p>\n","protected":false},"excerpt":{"rendered":"<p>Le Haras de Nantes est heureux d\u2019annoncer la signature d\u2019un partenariat avec\u00a0le combo Ibis\u00a0et l&rsquo;Ibis budget de Treilli\u00e8res, visant \u00e0 offrir une solution cl\u00e9 en main pour les entreprises et institutions souhaitant organiser des s\u00e9minaires. Les nouveaux espaces XXL du Haras de Nantes, combin\u00e9s aux services qualitatifs du nouvel Ibis de Treilli\u00e8res, offrent aux clients [&hellip;]<\/p>\n","protected":false},"author":1,"featured_media":863,"comment_status":"open","ping_status":"open","sticky":false,"template":"","format":"standard","meta":{"footnotes":""},"categories":[4],"tags":[],"class_list":["post-861","post","type-post","status-publish","format-standard","has-post-thumbnail","hentry","category-actus"],"yoast_head":"<!-- This site is optimized with the Yoast SEO plugin v26.0 - https:\/\/yoast.com\/wordpress\/plugins\/seo\/ -->\n<title>Le Haras de Nantes\u00a0et le combo Ibis et Ibis budget de Treilli\u00e8res\u00a0s&#039;associent pour proposer des s\u00e9minaires cl\u00e9s en main aux entreprises - Haras de Nantes \u00c9v\u00e8nements<\/title>\n<meta name=\"robots\" content=\"index, follow, max-snippet:-1, max-image-preview:large, max-video-preview:-1\" \/>\n<link rel=\"canonical\" href=\"https:\/\/haras-de-nantes.fr\/evenements\/2026\/01\/07\/le-haras-de-nantes-et-le-combo-ibis-et-ibis-budget-de-treillieres-sassocient-pour-proposer-des-seminaires-cles-en-main-aux-entreprises\/\" \/>\n<meta property=\"og:locale\" content=\"fr_FR\" \/>\n<meta property=\"og:type\" content=\"article\" \/>\n<meta property=\"og:title\" content=\"Le Haras de Nantes\u00a0et le combo Ibis et Ibis budget de Treilli\u00e8res\u00a0s&#039;associent pour proposer des s\u00e9minaires cl\u00e9s en main aux entreprises - Haras de Nantes \u00c9v\u00e8nements\" \/>\n<meta property=\"og:description\" content=\"Le Haras de Nantes est heureux d\u2019annoncer la signature d\u2019un partenariat avec\u00a0le combo Ibis\u00a0et l&rsquo;Ibis budget de Treilli\u00e8res, visant \u00e0 offrir une solution cl\u00e9 en main pour les entreprises et institutions souhaitant organiser des s\u00e9minaires. Les nouveaux espaces XXL du Haras de Nantes, combin\u00e9s aux services qualitatifs du nouvel Ibis de Treilli\u00e8res, offrent aux clients [&hellip;]\" \/>\n<meta property=\"og:url\" content=\"https:\/\/haras-de-nantes.fr\/evenements\/2026\/01\/07\/le-haras-de-nantes-et-le-combo-ibis-et-ibis-budget-de-treillieres-sassocient-pour-proposer-des-seminaires-cles-en-main-aux-entreprises\/\" \/>\n<meta property=\"og:site_name\" content=\"Haras de Nantes \u00c9v\u00e8nements\" \/>\n<meta property=\"article:published_time\" content=\"2026-01-07T10:12:46+00:00\" \/>\n<meta property=\"article:modified_time\" content=\"2026-01-07T10:12:47+00:00\" \/>\n<meta property=\"og:image\" content=\"https:\/\/haras-de-nantes.fr\/evenements\/wp-content\/uploads\/2026\/01\/IMG_0588-scaled.jpeg\" \/>\n\t<meta property=\"og:image:width\" content=\"2560\" \/>\n\t<meta property=\"og:image:height\" content=\"1916\" \/>\n\t<meta property=\"og:image:type\" content=\"image\/jpeg\" \/>\n<meta name=\"author\" content=\"communication\" \/>\n<meta name=\"twitter:card\" content=\"summary_large_image\" \/>\n<meta name=\"twitter:label1\" content=\"\u00c9crit par\" \/>\n\t<meta name=\"twitter:data1\" content=\"communication\" \/>\n\t<meta name=\"twitter:label2\" content=\"Dur\u00e9e de lecture estim\u00e9e\" \/>\n\t<meta name=\"twitter:data2\" content=\"1 minute\" \/>\n<script type=\"application\/ld+json\" class=\"yoast-schema-graph\">{\"@context\":\"https:\/\/schema.org\",\"@graph\":[{\"@type\":\"Article\",\"@id\":\"https:\/\/haras-de-nantes.fr\/evenements\/2026\/01\/07\/le-haras-de-nantes-et-le-combo-ibis-et-ibis-budget-de-treillieres-sassocient-pour-proposer-des-seminaires-cles-en-main-aux-entreprises\/#article\",\"isPartOf\":{\"@id\":\"https:\/\/haras-de-nantes.fr\/evenements\/2026\/01\/07\/le-haras-de-nantes-et-le-combo-ibis-et-ibis-budget-de-treillieres-sassocient-pour-proposer-des-seminaires-cles-en-main-aux-entreprises\/\"},\"author\":{\"name\":\"communication\",\"@id\":\"https:\/\/haras-de-nantes.fr\/evenements\/#\/schema\/person\/42fba3092279d18ac8f082e799a54a01\"},\"headline\":\"Le Haras de Nantes\u00a0et le combo Ibis et Ibis budget de Treilli\u00e8res\u00a0s&rsquo;associent pour proposer des s\u00e9minaires cl\u00e9s en main aux entreprises\",\"datePublished\":\"2026-01-07T10:12:46+00:00\",\"dateModified\":\"2026-01-07T10:12:47+00:00\",\"mainEntityOfPage\":{\"@id\":\"https:\/\/haras-de-nantes.fr\/evenements\/2026\/01\/07\/le-haras-de-nantes-et-le-combo-ibis-et-ibis-budget-de-treillieres-sassocient-pour-proposer-des-seminaires-cles-en-main-aux-entreprises\/\"},\"wordCount\":205,\"commentCount\":0,\"publisher\":{\"@id\":\"https:\/\/haras-de-nantes.fr\/evenements\/#organization\"},\"image\":{\"@id\":\"https:\/\/haras-de-nantes.fr\/evenements\/2026\/01\/07\/le-haras-de-nantes-et-le-combo-ibis-et-ibis-budget-de-treillieres-sassocient-pour-proposer-des-seminaires-cles-en-main-aux-entreprises\/#primaryimage\"},\"thumbnailUrl\":\"https:\/\/haras-de-nantes.fr\/evenements\/wp-content\/uploads\/2026\/01\/IMG_0588-scaled.jpeg\",\"articleSection\":[\"Actus\"],\"inLanguage\":\"fr-FR\",\"potentialAction\":[{\"@type\":\"CommentAction\",\"name\":\"Comment\",\"target\":[\"https:\/\/haras-de-nantes.fr\/evenements\/2026\/01\/07\/le-haras-de-nantes-et-le-combo-ibis-et-ibis-budget-de-treillieres-sassocient-pour-proposer-des-seminaires-cles-en-main-aux-entreprises\/#respond\"]}]},{\"@type\":\"WebPage\",\"@id\":\"https:\/\/haras-de-nantes.fr\/evenements\/2026\/01\/07\/le-haras-de-nantes-et-le-combo-ibis-et-ibis-budget-de-treillieres-sassocient-pour-proposer-des-seminaires-cles-en-main-aux-entreprises\/\",\"url\":\"https:\/\/haras-de-nantes.fr\/evenements\/2026\/01\/07\/le-haras-de-nantes-et-le-combo-ibis-et-ibis-budget-de-treillieres-sassocient-pour-proposer-des-seminaires-cles-en-main-aux-entreprises\/\",\"name\":\"Le Haras de Nantes\u00a0et le combo Ibis et Ibis budget de Treilli\u00e8res\u00a0s'associent pour proposer des s\u00e9minaires cl\u00e9s en main aux entreprises - Haras de Nantes \u00c9v\u00e8nements\",\"isPartOf\":{\"@id\":\"https:\/\/haras-de-nantes.fr\/evenements\/#website\"},\"primaryImageOfPage\":{\"@id\":\"https:\/\/haras-de-nantes.fr\/evenements\/2026\/01\/07\/le-haras-de-nantes-et-le-combo-ibis-et-ibis-budget-de-treillieres-sassocient-pour-proposer-des-seminaires-cles-en-main-aux-entreprises\/#primaryimage\"},\"image\":{\"@id\":\"https:\/\/haras-de-nantes.fr\/evenements\/2026\/01\/07\/le-haras-de-nantes-et-le-combo-ibis-et-ibis-budget-de-treillieres-sassocient-pour-proposer-des-seminaires-cles-en-main-aux-entreprises\/#primaryimage\"},\"thumbnailUrl\":\"https:\/\/haras-de-nantes.fr\/evenements\/wp-content\/uploads\/2026\/01\/IMG_0588-scaled.jpeg\",\"datePublished\":\"2026-01-07T10:12:46+00:00\",\"dateModified\":\"2026-01-07T10:12:47+00:00\",\"breadcrumb\":{\"@id\":\"https:\/\/haras-de-nantes.fr\/evenements\/2026\/01\/07\/le-haras-de-nantes-et-le-combo-ibis-et-ibis-budget-de-treillieres-sassocient-pour-proposer-des-seminaires-cles-en-main-aux-entreprises\/#breadcrumb\"},\"inLanguage\":\"fr-FR\",\"potentialAction\":[{\"@type\":\"ReadAction\",\"target\":[\"https:\/\/haras-de-nantes.fr\/evenements\/2026\/01\/07\/le-haras-de-nantes-et-le-combo-ibis-et-ibis-budget-de-treillieres-sassocient-pour-proposer-des-seminaires-cles-en-main-aux-entreprises\/\"]}]},{\"@type\":\"ImageObject\",\"inLanguage\":\"fr-FR\",\"@id\":\"https:\/\/haras-de-nantes.fr\/evenements\/2026\/01\/07\/le-haras-de-nantes-et-le-combo-ibis-et-ibis-budget-de-treillieres-sassocient-pour-proposer-des-seminaires-cles-en-main-aux-entreprises\/#primaryimage\",\"url\":\"https:\/\/haras-de-nantes.fr\/evenements\/wp-content\/uploads\/2026\/01\/IMG_0588-scaled.jpeg\",\"contentUrl\":\"https:\/\/haras-de-nantes.fr\/evenements\/wp-content\/uploads\/2026\/01\/IMG_0588-scaled.jpeg\",\"width\":2560,\"height\":1916},{\"@type\":\"BreadcrumbList\",\"@id\":\"https:\/\/haras-de-nantes.fr\/evenements\/2026\/01\/07\/le-haras-de-nantes-et-le-combo-ibis-et-ibis-budget-de-treillieres-sassocient-pour-proposer-des-seminaires-cles-en-main-aux-entreprises\/#breadcrumb\",\"itemListElement\":[{\"@type\":\"ListItem\",\"position\":1,\"name\":\"Accueil\",\"item\":\"https:\/\/haras-de-nantes.fr\/evenements\/\"},{\"@type\":\"ListItem\",\"position\":2,\"name\":\"Le Haras de Nantes\u00a0et le combo Ibis et Ibis budget de Treilli\u00e8res\u00a0s&rsquo;associent pour proposer des s\u00e9minaires cl\u00e9s en main aux entreprises\"}]},{\"@type\":\"WebSite\",\"@id\":\"https:\/\/haras-de-nantes.fr\/evenements\/#website\",\"url\":\"https:\/\/haras-de-nantes.fr\/evenements\/\",\"name\":\"Haras de Nantes \u00e9v\u00e9nements\",\"description\":\"\",\"publisher\":{\"@id\":\"https:\/\/haras-de-nantes.fr\/evenements\/#organization\"},\"potentialAction\":[{\"@type\":\"SearchAction\",\"target\":{\"@type\":\"EntryPoint\",\"urlTemplate\":\"https:\/\/haras-de-nantes.fr\/evenements\/?s={search_term_string}\"},\"query-input\":{\"@type\":\"PropertyValueSpecification\",\"valueRequired\":true,\"valueName\":\"search_term_string\"}}],\"inLanguage\":\"fr-FR\"},{\"@type\":\"Organization\",\"@id\":\"https:\/\/haras-de-nantes.fr\/evenements\/#organization\",\"name\":\"Haras de Nantes \u00e9v\u00e9nements\",\"url\":\"https:\/\/haras-de-nantes.fr\/evenements\/\",\"logo\":{\"@type\":\"ImageObject\",\"inLanguage\":\"fr-FR\",\"@id\":\"https:\/\/haras-de-nantes.fr\/evenements\/#\/schema\/logo\/image\/\",\"url\":\"https:\/\/haras-de-nantes.fr\/evenements\/wp-content\/uploads\/2025\/04\/Logo.png\",\"contentUrl\":\"https:\/\/haras-de-nantes.fr\/evenements\/wp-content\/uploads\/2025\/04\/Logo.png\",\"width\":369,\"height\":108,\"caption\":\"Haras de Nantes \u00e9v\u00e9nements\"},\"image\":{\"@id\":\"https:\/\/haras-de-nantes.fr\/evenements\/#\/schema\/logo\/image\/\"},\"sameAs\":[\"https:\/\/www.instagram.com\/haras_de_nantes_evenements\/\"]},{\"@type\":\"Person\",\"@id\":\"https:\/\/haras-de-nantes.fr\/evenements\/#\/schema\/person\/42fba3092279d18ac8f082e799a54a01\",\"name\":\"communication\",\"image\":{\"@type\":\"ImageObject\",\"inLanguage\":\"fr-FR\",\"@id\":\"https:\/\/haras-de-nantes.fr\/evenements\/#\/schema\/person\/image\/\",\"url\":\"https:\/\/secure.gravatar.com\/avatar\/7882907f618f42bd77263475829c440c9c04d8fbbd9fbf954afb1d9372a4435f?s=96&d=mm&r=g\",\"contentUrl\":\"https:\/\/secure.gravatar.com\/avatar\/7882907f618f42bd77263475829c440c9c04d8fbbd9fbf954afb1d9372a4435f?s=96&d=mm&r=g\",\"caption\":\"communication\"},\"sameAs\":[\"https:\/\/haras-de-nantes.fr\/evenements\"],\"url\":\"https:\/\/haras-de-nantes.fr\/evenements\/author\/communication\/\"}]}<\/script>\n<!-- \/ Yoast SEO plugin. -->","yoast_head_json":{"title":"Le Haras de Nantes\u00a0et le combo Ibis et Ibis budget de Treilli\u00e8res\u00a0s'associent pour proposer des s\u00e9minaires cl\u00e9s en main aux entreprises - Haras de Nantes \u00c9v\u00e8nements","robots":{"index":"index","follow":"follow","max-snippet":"max-snippet:-1","max-image-preview":"max-image-preview:large","max-video-preview":"max-video-preview:-1"},"canonical":"https:\/\/haras-de-nantes.fr\/evenements\/2026\/01\/07\/le-haras-de-nantes-et-le-combo-ibis-et-ibis-budget-de-treillieres-sassocient-pour-proposer-des-seminaires-cles-en-main-aux-entreprises\/","og_locale":"fr_FR","og_type":"article","og_title":"Le Haras de Nantes\u00a0et le combo Ibis et Ibis budget de Treilli\u00e8res\u00a0s'associent pour proposer des s\u00e9minaires cl\u00e9s en main aux entreprises - Haras de Nantes \u00c9v\u00e8nements","og_description":"Le Haras de Nantes est heureux d\u2019annoncer la signature d\u2019un partenariat avec\u00a0le combo Ibis\u00a0et l&rsquo;Ibis budget de Treilli\u00e8res, visant \u00e0 offrir une solution cl\u00e9 en main pour les entreprises et institutions souhaitant organiser des s\u00e9minaires. Les nouveaux espaces XXL du Haras de Nantes, combin\u00e9s aux services qualitatifs du nouvel Ibis de Treilli\u00e8res, offrent aux clients [&hellip;]","og_url":"https:\/\/haras-de-nantes.fr\/evenements\/2026\/01\/07\/le-haras-de-nantes-et-le-combo-ibis-et-ibis-budget-de-treillieres-sassocient-pour-proposer-des-seminaires-cles-en-main-aux-entreprises\/","og_site_name":"Haras de Nantes \u00c9v\u00e8nements","article_published_time":"2026-01-07T10:12:46+00:00","article_modified_time":"2026-01-07T10:12:47+00:00","og_image":[{"width":2560,"height":1916,"url":"https:\/\/haras-de-nantes.fr\/evenements\/wp-content\/uploads\/2026\/01\/IMG_0588-scaled.jpeg","type":"image\/jpeg"}],"author":"communication","twitter_card":"summary_large_image","twitter_misc":{"\u00c9crit par":"communication","Dur\u00e9e de lecture estim\u00e9e":"1 minute"},"schema":{"@context":"https:\/\/schema.org","@graph":[{"@type":"Article","@id":"https:\/\/haras-de-nantes.fr\/evenements\/2026\/01\/07\/le-haras-de-nantes-et-le-combo-ibis-et-ibis-budget-de-treillieres-sassocient-pour-proposer-des-seminaires-cles-en-main-aux-entreprises\/#article","isPartOf":{"@id":"https:\/\/haras-de-nantes.fr\/evenements\/2026\/01\/07\/le-haras-de-nantes-et-le-combo-ibis-et-ibis-budget-de-treillieres-sassocient-pour-proposer-des-seminaires-cles-en-main-aux-entreprises\/"},"author":{"name":"communication","@id":"https:\/\/haras-de-nantes.fr\/evenements\/#\/schema\/person\/42fba3092279d18ac8f082e799a54a01"},"headline":"Le Haras de Nantes\u00a0et le combo Ibis et Ibis budget de Treilli\u00e8res\u00a0s&rsquo;associent pour proposer des s\u00e9minaires cl\u00e9s en main aux entreprises","datePublished":"2026-01-07T10:12:46+00:00","dateModified":"2026-01-07T10:12:47+00:00","mainEntityOfPage":{"@id":"https:\/\/haras-de-nantes.fr\/evenements\/2026\/01\/07\/le-haras-de-nantes-et-le-combo-ibis-et-ibis-budget-de-treillieres-sassocient-pour-proposer-des-seminaires-cles-en-main-aux-entreprises\/"},"wordCount":205,"commentCount":0,"publisher":{"@id":"https:\/\/haras-de-nantes.fr\/evenements\/#organization"},"image":{"@id":"https:\/\/haras-de-nantes.fr\/evenements\/2026\/01\/07\/le-haras-de-nantes-et-le-combo-ibis-et-ibis-budget-de-treillieres-sassocient-pour-proposer-des-seminaires-cles-en-main-aux-entreprises\/#primaryimage"},"thumbnailUrl":"https:\/\/haras-de-nantes.fr\/evenements\/wp-content\/uploads\/2026\/01\/IMG_0588-scaled.jpeg","articleSection":["Actus"],"inLanguage":"fr-FR","potentialAction":[{"@type":"CommentAction","name":"Comment","target":["https:\/\/haras-de-nantes.fr\/evenements\/2026\/01\/07\/le-haras-de-nantes-et-le-combo-ibis-et-ibis-budget-de-treillieres-sassocient-pour-proposer-des-seminaires-cles-en-main-aux-entreprises\/#respond"]}]},{"@type":"WebPage","@id":"https:\/\/haras-de-nantes.fr\/evenements\/2026\/01\/07\/le-haras-de-nantes-et-le-combo-ibis-et-ibis-budget-de-treillieres-sassocient-pour-proposer-des-seminaires-cles-en-main-aux-entreprises\/","url":"https:\/\/haras-de-nantes.fr\/evenements\/2026\/01\/07\/le-haras-de-nantes-et-le-combo-ibis-et-ibis-budget-de-treillieres-sassocient-pour-proposer-des-seminaires-cles-en-main-aux-entreprises\/","name":"Le Haras de Nantes\u00a0et le combo Ibis et Ibis budget de Treilli\u00e8res\u00a0s'associent pour proposer des s\u00e9minaires cl\u00e9s en main aux entreprises - Haras de Nantes \u00c9v\u00e8nements","isPartOf":{"@id":"https:\/\/haras-de-nantes.fr\/evenements\/#website"},"primaryImageOfPage":{"@id":"https:\/\/haras-de-nantes.fr\/evenements\/2026\/01\/07\/le-haras-de-nantes-et-le-combo-ibis-et-ibis-budget-de-treillieres-sassocient-pour-proposer-des-seminaires-cles-en-main-aux-entreprises\/#primaryimage"},"image":{"@id":"https:\/\/haras-de-nantes.fr\/evenements\/2026\/01\/07\/le-haras-de-nantes-et-le-combo-ibis-et-ibis-budget-de-treillieres-sassocient-pour-proposer-des-seminaires-cles-en-main-aux-entreprises\/#primaryimage"},"thumbnailUrl":"https:\/\/haras-de-nantes.fr\/evenements\/wp-content\/uploads\/2026\/01\/IMG_0588-scaled.jpeg","datePublished":"2026-01-07T10:12:46+00:00","dateModified":"2026-01-07T10:12:47+00:00","breadcrumb":{"@id":"https:\/\/haras-de-nantes.fr\/evenements\/2026\/01\/07\/le-haras-de-nantes-et-le-combo-ibis-et-ibis-budget-de-treillieres-sassocient-pour-proposer-des-seminaires-cles-en-main-aux-entreprises\/#breadcrumb"},"inLanguage":"fr-FR","potentialAction":[{"@type":"ReadAction","target":["https:\/\/haras-de-nantes.fr\/evenements\/2026\/01\/07\/le-haras-de-nantes-et-le-combo-ibis-et-ibis-budget-de-treillieres-sassocient-pour-proposer-des-seminaires-cles-en-main-aux-entreprises\/"]}]},{"@type":"ImageObject","inLanguage":"fr-FR","@id":"https:\/\/haras-de-nantes.fr\/evenements\/2026\/01\/07\/le-haras-de-nantes-et-le-combo-ibis-et-ibis-budget-de-treillieres-sassocient-pour-proposer-des-seminaires-cles-en-main-aux-entreprises\/#primaryimage","url":"https:\/\/haras-de-nantes.fr\/evenements\/wp-content\/uploads\/2026\/01\/IMG_0588-scaled.jpeg","contentUrl":"https:\/\/haras-de-nantes.fr\/evenements\/wp-content\/uploads\/2026\/01\/IMG_0588-scaled.jpeg","width":2560,"height":1916},{"@type":"BreadcrumbList","@id":"https:\/\/haras-de-nantes.fr\/evenements\/2026\/01\/07\/le-haras-de-nantes-et-le-combo-ibis-et-ibis-budget-de-treillieres-sassocient-pour-proposer-des-seminaires-cles-en-main-aux-entreprises\/#breadcrumb","itemListElement":[{"@type":"ListItem","position":1,"name":"Accueil","item":"https:\/\/haras-de-nantes.fr\/evenements\/"},{"@type":"ListItem","position":2,"name":"Le Haras de Nantes\u00a0et le combo Ibis et Ibis budget de Treilli\u00e8res\u00a0s&rsquo;associent pour proposer des s\u00e9minaires cl\u00e9s en main aux entreprises"}]},{"@type":"WebSite","@id":"https:\/\/haras-de-nantes.fr\/evenements\/#website","url":"https:\/\/haras-de-nantes.fr\/evenements\/","name":"Haras de Nantes \u00e9v\u00e9nements","description":"","publisher":{"@id":"https:\/\/haras-de-nantes.fr\/evenements\/#organization"},"potentialAction":[{"@type":"SearchAction","target":{"@type":"EntryPoint","urlTemplate":"https:\/\/haras-de-nantes.fr\/evenements\/?s={search_term_string}"},"query-input":{"@type":"PropertyValueSpecification","valueRequired":true,"valueName":"search_term_string"}}],"inLanguage":"fr-FR"},{"@type":"Organization","@id":"https:\/\/haras-de-nantes.fr\/evenements\/#organization","name":"Haras de Nantes \u00e9v\u00e9nements","url":"https:\/\/haras-de-nantes.fr\/evenements\/","logo":{"@type":"ImageObject","inLanguage":"fr-FR","@id":"https:\/\/haras-de-nantes.fr\/evenements\/#\/schema\/logo\/image\/","url":"https:\/\/haras-de-nantes.fr\/evenements\/wp-content\/uploads\/2025\/04\/Logo.png","contentUrl":"https:\/\/haras-de-nantes.fr\/evenements\/wp-content\/uploads\/2025\/04\/Logo.png","width":369,"height":108,"caption":"Haras de Nantes \u00e9v\u00e9nements"},"image":{"@id":"https:\/\/haras-de-nantes.fr\/evenements\/#\/schema\/logo\/image\/"},"sameAs":["https:\/\/www.instagram.com\/haras_de_nantes_evenements\/"]},{"@type":"Person","@id":"https:\/\/haras-de-nantes.fr\/evenements\/#\/schema\/person\/42fba3092279d18ac8f082e799a54a01","name":"communication","image":{"@type":"ImageObject","inLanguage":"fr-FR","@id":"https:\/\/haras-de-nantes.fr\/evenements\/#\/schema\/person\/image\/","url":"https:\/\/secure.gravatar.com\/avatar\/7882907f618f42bd77263475829c440c9c04d8fbbd9fbf954afb1d9372a4435f?s=96&d=mm&r=g","contentUrl":"https:\/\/secure.gravatar.com\/avatar\/7882907f618f42bd77263475829c440c9c04d8fbbd9fbf954afb1d9372a4435f?s=96&d=mm&r=g","caption":"communication"},"sameAs":["https:\/\/haras-de-nantes.fr\/evenements"],"url":"https:\/\/haras-de-nantes.fr\/evenements\/author\/communication\/"}]}},"_links":{"self":[{"href":"https:\/\/haras-de-nantes.fr\/evenements\/wp-json\/wp\/v2\/posts\/861","targetHints":{"allow":["GET"]}}],"collection":[{"href":"https:\/\/haras-de-nantes.fr\/evenements\/wp-json\/wp\/v2\/posts"}],"about":[{"href":"https:\/\/haras-de-nantes.fr\/evenements\/wp-json\/wp\/v2\/types\/post"}],"author":[{"embeddable":true,"href":"https:\/\/haras-de-nantes.fr\/evenements\/wp-json\/wp\/v2\/users\/1"}],"replies":[{"embeddable":true,"href":"https:\/\/haras-de-nantes.fr\/evenements\/wp-json\/wp\/v2\/comments?post=861"}],"version-history":[{"count":1,"href":"https:\/\/haras-de-nantes.fr\/evenements\/wp-json\/wp\/v2\/posts\/861\/revisions"}],"predecessor-version":[{"id":862,"href":"https:\/\/haras-de-nantes.fr\/evenements\/wp-json\/wp\/v2\/posts\/861\/revisions\/862"}],"wp:featuredmedia":[{"embeddable":true,"href":"https:\/\/haras-de-nantes.fr\/evenements\/wp-json\/wp\/v2\/media\/863"}],"wp:attachment":[{"href":"https:\/\/haras-de-nantes.fr\/evenements\/wp-json\/wp\/v2\/media?parent=861"}],"wp:term":[{"taxonomy":"category","embeddable":true,"href":"https:\/\/haras-de-nantes.fr\/evenements\/wp-json\/wp\/v2\/categories?post=861"},{"taxonomy":"post_tag","embeddable":true,"href":"https:\/\/haras-de-nantes.fr\/evenements\/wp-json\/wp\/v2\/tags?post=861"}],"curies":[{"name":"wp","href":"https:\/\/api.w.org\/{rel}","templated":true}]}}