{"id":639,"date":"2025-09-25T15:23:34","date_gmt":"2025-09-25T13:23:34","guid":{"rendered":"https:\/\/haras-de-nantes.fr\/evenements\/?p=639"},"modified":"2025-10-08T15:45:43","modified_gmt":"2025-10-08T13:45:43","slug":"les-5-atouts-de-lequicoaching-pour-un-seminaire-dentreprise-a-nantes","status":"publish","type":"post","link":"https:\/\/haras-de-nantes.fr\/evenements\/2025\/09\/25\/les-5-atouts-de-lequicoaching-pour-un-seminaire-dentreprise-a-nantes\/","title":{"rendered":"Les 5 atouts de l\u2019\u00e9quicoaching pour un s\u00e9minaire d\u2019entreprise \u00e0 Nantes"},"content":{"rendered":"\n<p><strong>L\u2019\u00e9quicoaching<\/strong> est une approche de plus en plus pl\u00e9biscit\u00e9e par les entreprises souhaitant offrir \u00e0 leurs \u00e9quipes une exp\u00e9rience originale, formatrice et profond\u00e9ment marquante. Bas\u00e9e sur l\u2019interaction entre l\u2019homme et le cheval, elle permet de d\u00e9velopper des comp\u00e9tences cl\u00e9s en mati\u00e8re de leadership, de communication et de coh\u00e9sion d\u2019\u00e9quipe. Organiser \u00e0 Nantes une s\u00e9ance d\u2019\u00e9quicoaching dans le cadre d\u2019un s\u00e9minaire, c\u2019est proposer \u00e0 vos collaborateurs <strong>bien plus qu\u2019une activit\u00e9 ludique<\/strong> : c\u2019est leur offrir un levier puissant de transformation individuelle et collective.<\/p>\n\n\n\n<p>Dans cet article, revenons sur <strong>les principaux atouts de l\u2019\u00e9quicoaching<\/strong> qui feront de votre prochain s\u00e9minaire un moment fort qui rayonnera ensuite dans votre quotidien professionnel.\u00a0<\/p>\n\n\n\n<h2 class=\"wp-block-heading\" style=\"font-size:23px\"><strong>Premier atout : s\u2019appuyer sur un nouveau miroir, le cheval<\/strong><\/h2>\n\n\n<div class=\"wp-block-image\">\n<figure class=\"alignleft size-large is-resized\"><img loading=\"lazy\" decoding=\"async\" width=\"1024\" height=\"768\" src=\"https:\/\/haras-de-nantes.fr\/evenements\/wp-content\/uploads\/2025\/10\/IMG_4820-min-1024x768.jpg\" alt=\"\" class=\"wp-image-646\" style=\"width:354px;height:auto\" srcset=\"https:\/\/haras-de-nantes.fr\/evenements\/wp-content\/uploads\/2025\/10\/IMG_4820-min-1024x768.jpg 1024w, https:\/\/haras-de-nantes.fr\/evenements\/wp-content\/uploads\/2025\/10\/IMG_4820-min-300x225.jpg 300w, https:\/\/haras-de-nantes.fr\/evenements\/wp-content\/uploads\/2025\/10\/IMG_4820-min-768x576.jpg 768w, https:\/\/haras-de-nantes.fr\/evenements\/wp-content\/uploads\/2025\/10\/IMG_4820-min-1536x1152.jpg 1536w, https:\/\/haras-de-nantes.fr\/evenements\/wp-content\/uploads\/2025\/10\/IMG_4820-min-2048x1536.jpg 2048w\" sizes=\"(max-width: 1024px) 100vw, 1024px\" \/><\/figure>\n<\/div>\n\n\n<p>Contrairement \u00e0 un exercice de mise en situation classique, le cheval r\u00e9agit imm\u00e9diatement et sans filtre aux attitudes humaines. Il ne juge pas, mais refl\u00e8te avec pr\u00e9cision la coh\u00e9rence \u2013 ou l\u2019incoh\u00e9rence \u2013 entre nos intentions, notre posture et nos comportements.<br><br>Cet effet miroir rend chaque interaction extr\u00eamement riche d\u2019enseignements : un collaborateur qui h\u00e9site, qui impose ou qui manque de clart\u00e9 verra son impact directement per\u00e7u par l\u2019animal. Cela permet \u00e0 chacun de prendre conscience de ses modes de communication et de son style de leadership.\u00a0<\/p>\n\n\n\n<div style=\"height:10px\" aria-hidden=\"true\" class=\"wp-block-spacer\"><\/div>\n\n\n\n<h2 class=\"wp-block-heading\" style=\"font-size:23px\"><strong>Deuxi\u00e8me atout : d\u00e9velopper le leadership et la communication<\/strong><\/h2>\n\n\n\n<p>Face au cheval, il n\u2019est pas question d\u2019autorit\u00e9 impos\u00e9e, mais d\u2019une influence bas\u00e9e sur la confiance, l\u2019authenticit\u00e9 et la coh\u00e9rence. Les participants apprennent \u00e0 diriger par la conviction et non par la contrainte, \u00e0 donner des consignes claires et \u00e0 rester align\u00e9s entre parole et action. Ces prises de conscience s\u2019av\u00e8rent transposables dans l\u2019univers professionnel, o\u00f9 le management moderne repose de plus en plus sur l\u2019\u00e9coute, l\u2019accompagnement et la capacit\u00e9 \u00e0 inspirer.<\/p>\n\n\n\n<h2 class=\"wp-block-heading\" style=\"font-size:23px\"><strong>Troisi\u00e8me atout\u00a0 : renforcer la coh\u00e9sion d\u2019\u00e9quipe<\/strong><\/h2>\n\n\n\n<p>Les exercices collectifs propos\u00e9s en \u00e9quicoaching mobilisent des qualit\u00e9s essentielles : entraide, \u00e9coute, coordination et respect du rythme de l\u2019autre. Les collaborateurs doivent apprendre \u00e0 coop\u00e9rer pour guider le cheval, ce qui met en lumi\u00e8re les r\u00f4les naturels de chacun, les forces compl\u00e9mentaires et les \u00e9ventuelles zones de friction. V\u00e9cues dans un cadre bienveillant et stimulant, ces exp\u00e9riences renforcent la solidarit\u00e9 et ouvrent la voie \u00e0 des \u00e9changes sinc\u00e8res au sein de l\u2019\u00e9quipe.<\/p>\n\n\n\n<h2 class=\"wp-block-heading\" style=\"font-size:23px\"><strong>Quatri\u00e8me atout\u00a0 : favoriser la gestion des \u00e9motions et le bien-\u00eatre<\/strong><\/h2>\n\n\n\n<p>Travailler avec un animal sensible comme le cheval am\u00e8ne \u00e9galement \u00e0 mieux comprendre l\u2019impact de ses \u00e9motions. Stress, impatience ou manque de concentration se r\u00e9percutent imm\u00e9diatement sur l\u2019animal. Les participants sont donc invit\u00e9s \u00e0 d\u00e9velopper une meilleure ma\u00eetrise de soi, une plus grande capacit\u00e9 d\u2019adaptation et un calme int\u00e9rieur favorisant des relations plus sereines dans leur quotidien professionnel.<\/p>\n\n\n\n<h2 class=\"wp-block-heading\" style=\"font-size:23px\"><strong>Cinqui\u00e8me atout\u00a0 : une exp\u00e9rience marquante et durable<\/strong><\/h2>\n\n\n<div class=\"wp-block-image\">\n<figure class=\"alignleft size-large is-resized\"><img loading=\"lazy\" decoding=\"async\" width=\"2560\" height=\"2560\" src=\"https:\/\/haras-de-nantes.fr\/evenements\/wp-content\/uploads\/2025\/10\/Soigneur-dun-jour-pre-7-edited-scaled.jpg\" alt=\"\" class=\"wp-image-727\" style=\"width:273px;height:auto\" srcset=\"https:\/\/haras-de-nantes.fr\/evenements\/wp-content\/uploads\/2025\/10\/Soigneur-dun-jour-pre-7-edited-scaled.jpg 2560w, https:\/\/haras-de-nantes.fr\/evenements\/wp-content\/uploads\/2025\/10\/Soigneur-dun-jour-pre-7-edited-300x300.jpg 300w, https:\/\/haras-de-nantes.fr\/evenements\/wp-content\/uploads\/2025\/10\/Soigneur-dun-jour-pre-7-edited-1024x1024.jpg 1024w, https:\/\/haras-de-nantes.fr\/evenements\/wp-content\/uploads\/2025\/10\/Soigneur-dun-jour-pre-7-edited-150x150.jpg 150w, https:\/\/haras-de-nantes.fr\/evenements\/wp-content\/uploads\/2025\/10\/Soigneur-dun-jour-pre-7-edited-768x768.jpg 768w, https:\/\/haras-de-nantes.fr\/evenements\/wp-content\/uploads\/2025\/10\/Soigneur-dun-jour-pre-7-edited-1536x1536.jpg 1536w, https:\/\/haras-de-nantes.fr\/evenements\/wp-content\/uploads\/2025\/10\/Soigneur-dun-jour-pre-7-edited-2048x2048.jpg 2048w\" sizes=\"(max-width: 2560px) 100vw, 2560px\" \/><\/figure>\n<\/div>\n\n\n<p>Au-del\u00e0 des apprentissages, l\u2019\u00e9quicoaching marque les esprits par son caract\u00e8re atypique et immersif. En sortant du cadre habituel de l\u2019entreprise et en s\u2019immergeant dans un environnement naturel, les collaborateurs se ressourcent, prennent du recul et s\u2019autorisent \u00e0 vivre une exp\u00e9rience nouvelle.<\/p>\n\n\n\n<p>Ces moments forts cr\u00e9ent des souvenirs communs et nourrissent la culture d\u2019entreprise sur le long terme. Tant dans sa forme que dans ses intentions, l\u2019\u00e9quicoaching est un \u00e9l\u00e9ment \u00e0 part, \u00e0 la fronti\u00e8re de la formation et de l&rsquo;animation il pr\u00e9sente de nombreux avantages. Il a \u00e9galement comme atout induit d\u2019\u00eatre finan\u00e7able sur des budgets formation, \u00e9videmment l&rsquo;\u00e9tablissement vous le proposant devra \u00eatre certifi\u00e9 Qualiopi, ce qui est le cas du Haras de Nantes.<\/p>\n\n\n\n<div style=\"height:19px\" aria-hidden=\"true\" class=\"wp-block-spacer\"><\/div>\n\n\n\n<p>En conclusion, inclure <a href=\"https:\/\/haras-de-nantes.fr\/evenements\/animations\/\"><strong>une s\u00e9ance d\u2019\u00e9quicoaching<\/strong><\/a> dans un s\u00e9minaire d\u2019entreprise, c\u2019est investir dans la <strong>richesse humaine de l\u2019organisation<\/strong>. Chaque participant en ressort avec une meilleure conscience de ses atouts et de ses zones d\u2019am\u00e9lioration, tandis que l\u2019\u00e9quipe gagne en coh\u00e9sion, en efficacit\u00e9 et en confiance mutuelle. Loin d\u2019une simple activit\u00e9 de d\u00e9tente, l\u2019\u00e9quicoaching devient ainsi un outil strat\u00e9gique de d\u00e9veloppement personnel et collectif, <strong>au service de la performance et du bien-\u00eatre au travail.<\/strong><\/p>\n","protected":false},"excerpt":{"rendered":"<p>L\u2019\u00e9quicoaching est une approche de plus en plus pl\u00e9biscit\u00e9e par les entreprises souhaitant offrir \u00e0 leurs \u00e9quipes une exp\u00e9rience originale, formatrice et profond\u00e9ment marquante. Bas\u00e9e sur l\u2019interaction entre l\u2019homme et le cheval, elle permet de d\u00e9velopper des comp\u00e9tences cl\u00e9s en mati\u00e8re de leadership, de communication et de coh\u00e9sion d\u2019\u00e9quipe. Organiser \u00e0 Nantes une s\u00e9ance d\u2019\u00e9quicoaching [&hellip;]<\/p>\n","protected":false},"author":1,"featured_media":633,"comment_status":"open","ping_status":"open","sticky":false,"template":"","format":"standard","meta":{"footnotes":""},"categories":[3],"tags":[],"class_list":["post-639","post","type-post","status-publish","format-standard","has-post-thumbnail","hentry","category-conseils"],"yoast_head":"<!-- This site is optimized with the Yoast SEO plugin v26.0 - https:\/\/yoast.com\/wordpress\/plugins\/seo\/ -->\n<title>Les 5 atouts de l\u2019\u00e9quicoaching pour un s\u00e9minaire d\u2019entreprise \u00e0 Nantes - Haras de Nantes \u00c9v\u00e8nements<\/title>\n<meta name=\"robots\" content=\"index, follow, max-snippet:-1, max-image-preview:large, max-video-preview:-1\" \/>\n<link rel=\"canonical\" href=\"https:\/\/haras-de-nantes.fr\/evenements\/2025\/09\/25\/les-5-atouts-de-lequicoaching-pour-un-seminaire-dentreprise-a-nantes\/\" \/>\n<meta property=\"og:locale\" content=\"fr_FR\" \/>\n<meta property=\"og:type\" content=\"article\" \/>\n<meta property=\"og:title\" content=\"Les 5 atouts de l\u2019\u00e9quicoaching pour un s\u00e9minaire d\u2019entreprise \u00e0 Nantes - Haras de Nantes \u00c9v\u00e8nements\" \/>\n<meta property=\"og:description\" content=\"L\u2019\u00e9quicoaching est une approche de plus en plus pl\u00e9biscit\u00e9e par les entreprises souhaitant offrir \u00e0 leurs \u00e9quipes une exp\u00e9rience originale, formatrice et profond\u00e9ment marquante. Bas\u00e9e sur l\u2019interaction entre l\u2019homme et le cheval, elle permet de d\u00e9velopper des comp\u00e9tences cl\u00e9s en mati\u00e8re de leadership, de communication et de coh\u00e9sion d\u2019\u00e9quipe. Organiser \u00e0 Nantes une s\u00e9ance d\u2019\u00e9quicoaching [&hellip;]\" \/>\n<meta property=\"og:url\" content=\"https:\/\/haras-de-nantes.fr\/evenements\/2025\/09\/25\/les-5-atouts-de-lequicoaching-pour-un-seminaire-dentreprise-a-nantes\/\" \/>\n<meta property=\"og:site_name\" content=\"Haras de Nantes \u00c9v\u00e8nements\" \/>\n<meta property=\"article:published_time\" content=\"2025-09-25T13:23:34+00:00\" \/>\n<meta property=\"article:modified_time\" content=\"2025-10-08T13:45:43+00:00\" \/>\n<meta property=\"og:image\" content=\"https:\/\/haras-de-nantes.fr\/evenements\/wp-content\/uploads\/2025\/10\/Equicoaching-4-scaled.jpg\" \/>\n\t<meta property=\"og:image:width\" content=\"2560\" \/>\n\t<meta property=\"og:image:height\" content=\"1440\" \/>\n\t<meta property=\"og:image:type\" content=\"image\/jpeg\" \/>\n<meta name=\"author\" content=\"communication\" \/>\n<meta name=\"twitter:card\" content=\"summary_large_image\" \/>\n<meta name=\"twitter:label1\" content=\"\u00c9crit par\" \/>\n\t<meta name=\"twitter:data1\" content=\"communication\" \/>\n\t<meta name=\"twitter:label2\" content=\"Dur\u00e9e de lecture estim\u00e9e\" \/>\n\t<meta name=\"twitter:data2\" content=\"4 minutes\" \/>\n<script type=\"application\/ld+json\" class=\"yoast-schema-graph\">{\"@context\":\"https:\/\/schema.org\",\"@graph\":[{\"@type\":\"Article\",\"@id\":\"https:\/\/haras-de-nantes.fr\/evenements\/2025\/09\/25\/les-5-atouts-de-lequicoaching-pour-un-seminaire-dentreprise-a-nantes\/#article\",\"isPartOf\":{\"@id\":\"https:\/\/haras-de-nantes.fr\/evenements\/2025\/09\/25\/les-5-atouts-de-lequicoaching-pour-un-seminaire-dentreprise-a-nantes\/\"},\"author\":{\"name\":\"communication\",\"@id\":\"https:\/\/haras-de-nantes.fr\/evenements\/#\/schema\/person\/42fba3092279d18ac8f082e799a54a01\"},\"headline\":\"Les 5 atouts de l\u2019\u00e9quicoaching pour un s\u00e9minaire d\u2019entreprise \u00e0 Nantes\",\"datePublished\":\"2025-09-25T13:23:34+00:00\",\"dateModified\":\"2025-10-08T13:45:43+00:00\",\"mainEntityOfPage\":{\"@id\":\"https:\/\/haras-de-nantes.fr\/evenements\/2025\/09\/25\/les-5-atouts-de-lequicoaching-pour-un-seminaire-dentreprise-a-nantes\/\"},\"wordCount\":728,\"commentCount\":0,\"publisher\":{\"@id\":\"https:\/\/haras-de-nantes.fr\/evenements\/#organization\"},\"image\":{\"@id\":\"https:\/\/haras-de-nantes.fr\/evenements\/2025\/09\/25\/les-5-atouts-de-lequicoaching-pour-un-seminaire-dentreprise-a-nantes\/#primaryimage\"},\"thumbnailUrl\":\"https:\/\/haras-de-nantes.fr\/evenements\/wp-content\/uploads\/2025\/10\/Equicoaching-4-scaled.jpg\",\"articleSection\":[\"Conseils\"],\"inLanguage\":\"fr-FR\",\"potentialAction\":[{\"@type\":\"CommentAction\",\"name\":\"Comment\",\"target\":[\"https:\/\/haras-de-nantes.fr\/evenements\/2025\/09\/25\/les-5-atouts-de-lequicoaching-pour-un-seminaire-dentreprise-a-nantes\/#respond\"]}]},{\"@type\":\"WebPage\",\"@id\":\"https:\/\/haras-de-nantes.fr\/evenements\/2025\/09\/25\/les-5-atouts-de-lequicoaching-pour-un-seminaire-dentreprise-a-nantes\/\",\"url\":\"https:\/\/haras-de-nantes.fr\/evenements\/2025\/09\/25\/les-5-atouts-de-lequicoaching-pour-un-seminaire-dentreprise-a-nantes\/\",\"name\":\"Les 5 atouts de l\u2019\u00e9quicoaching pour un s\u00e9minaire d\u2019entreprise \u00e0 Nantes - Haras de Nantes \u00c9v\u00e8nements\",\"isPartOf\":{\"@id\":\"https:\/\/haras-de-nantes.fr\/evenements\/#website\"},\"primaryImageOfPage\":{\"@id\":\"https:\/\/haras-de-nantes.fr\/evenements\/2025\/09\/25\/les-5-atouts-de-lequicoaching-pour-un-seminaire-dentreprise-a-nantes\/#primaryimage\"},\"image\":{\"@id\":\"https:\/\/haras-de-nantes.fr\/evenements\/2025\/09\/25\/les-5-atouts-de-lequicoaching-pour-un-seminaire-dentreprise-a-nantes\/#primaryimage\"},\"thumbnailUrl\":\"https:\/\/haras-de-nantes.fr\/evenements\/wp-content\/uploads\/2025\/10\/Equicoaching-4-scaled.jpg\",\"datePublished\":\"2025-09-25T13:23:34+00:00\",\"dateModified\":\"2025-10-08T13:45:43+00:00\",\"breadcrumb\":{\"@id\":\"https:\/\/haras-de-nantes.fr\/evenements\/2025\/09\/25\/les-5-atouts-de-lequicoaching-pour-un-seminaire-dentreprise-a-nantes\/#breadcrumb\"},\"inLanguage\":\"fr-FR\",\"potentialAction\":[{\"@type\":\"ReadAction\",\"target\":[\"https:\/\/haras-de-nantes.fr\/evenements\/2025\/09\/25\/les-5-atouts-de-lequicoaching-pour-un-seminaire-dentreprise-a-nantes\/\"]}]},{\"@type\":\"ImageObject\",\"inLanguage\":\"fr-FR\",\"@id\":\"https:\/\/haras-de-nantes.fr\/evenements\/2025\/09\/25\/les-5-atouts-de-lequicoaching-pour-un-seminaire-dentreprise-a-nantes\/#primaryimage\",\"url\":\"https:\/\/haras-de-nantes.fr\/evenements\/wp-content\/uploads\/2025\/10\/Equicoaching-4-scaled.jpg\",\"contentUrl\":\"https:\/\/haras-de-nantes.fr\/evenements\/wp-content\/uploads\/2025\/10\/Equicoaching-4-scaled.jpg\",\"width\":2560,\"height\":1440,\"caption\":\"equicoaching nantes\"},{\"@type\":\"BreadcrumbList\",\"@id\":\"https:\/\/haras-de-nantes.fr\/evenements\/2025\/09\/25\/les-5-atouts-de-lequicoaching-pour-un-seminaire-dentreprise-a-nantes\/#breadcrumb\",\"itemListElement\":[{\"@type\":\"ListItem\",\"position\":1,\"name\":\"Accueil\",\"item\":\"https:\/\/haras-de-nantes.fr\/evenements\/\"},{\"@type\":\"ListItem\",\"position\":2,\"name\":\"Les 5 atouts de l\u2019\u00e9quicoaching pour un s\u00e9minaire d\u2019entreprise \u00e0 Nantes\"}]},{\"@type\":\"WebSite\",\"@id\":\"https:\/\/haras-de-nantes.fr\/evenements\/#website\",\"url\":\"https:\/\/haras-de-nantes.fr\/evenements\/\",\"name\":\"Haras de Nantes \u00e9v\u00e9nements\",\"description\":\"\",\"publisher\":{\"@id\":\"https:\/\/haras-de-nantes.fr\/evenements\/#organization\"},\"potentialAction\":[{\"@type\":\"SearchAction\",\"target\":{\"@type\":\"EntryPoint\",\"urlTemplate\":\"https:\/\/haras-de-nantes.fr\/evenements\/?s={search_term_string}\"},\"query-input\":{\"@type\":\"PropertyValueSpecification\",\"valueRequired\":true,\"valueName\":\"search_term_string\"}}],\"inLanguage\":\"fr-FR\"},{\"@type\":\"Organization\",\"@id\":\"https:\/\/haras-de-nantes.fr\/evenements\/#organization\",\"name\":\"Haras de Nantes \u00e9v\u00e9nements\",\"url\":\"https:\/\/haras-de-nantes.fr\/evenements\/\",\"logo\":{\"@type\":\"ImageObject\",\"inLanguage\":\"fr-FR\",\"@id\":\"https:\/\/haras-de-nantes.fr\/evenements\/#\/schema\/logo\/image\/\",\"url\":\"https:\/\/haras-de-nantes.fr\/evenements\/wp-content\/uploads\/2025\/04\/Logo.png\",\"contentUrl\":\"https:\/\/haras-de-nantes.fr\/evenements\/wp-content\/uploads\/2025\/04\/Logo.png\",\"width\":369,\"height\":108,\"caption\":\"Haras de Nantes \u00e9v\u00e9nements\"},\"image\":{\"@id\":\"https:\/\/haras-de-nantes.fr\/evenements\/#\/schema\/logo\/image\/\"},\"sameAs\":[\"https:\/\/www.instagram.com\/haras_de_nantes_evenements\/\"]},{\"@type\":\"Person\",\"@id\":\"https:\/\/haras-de-nantes.fr\/evenements\/#\/schema\/person\/42fba3092279d18ac8f082e799a54a01\",\"name\":\"communication\",\"image\":{\"@type\":\"ImageObject\",\"inLanguage\":\"fr-FR\",\"@id\":\"https:\/\/haras-de-nantes.fr\/evenements\/#\/schema\/person\/image\/\",\"url\":\"https:\/\/secure.gravatar.com\/avatar\/7882907f618f42bd77263475829c440c9c04d8fbbd9fbf954afb1d9372a4435f?s=96&d=mm&r=g\",\"contentUrl\":\"https:\/\/secure.gravatar.com\/avatar\/7882907f618f42bd77263475829c440c9c04d8fbbd9fbf954afb1d9372a4435f?s=96&d=mm&r=g\",\"caption\":\"communication\"},\"sameAs\":[\"https:\/\/haras-de-nantes.fr\/evenements\"],\"url\":\"https:\/\/haras-de-nantes.fr\/evenements\/author\/communication\/\"}]}<\/script>\n<!-- \/ Yoast SEO plugin. -->","yoast_head_json":{"title":"Les 5 atouts de l\u2019\u00e9quicoaching pour un s\u00e9minaire d\u2019entreprise \u00e0 Nantes - Haras de Nantes \u00c9v\u00e8nements","robots":{"index":"index","follow":"follow","max-snippet":"max-snippet:-1","max-image-preview":"max-image-preview:large","max-video-preview":"max-video-preview:-1"},"canonical":"https:\/\/haras-de-nantes.fr\/evenements\/2025\/09\/25\/les-5-atouts-de-lequicoaching-pour-un-seminaire-dentreprise-a-nantes\/","og_locale":"fr_FR","og_type":"article","og_title":"Les 5 atouts de l\u2019\u00e9quicoaching pour un s\u00e9minaire d\u2019entreprise \u00e0 Nantes - Haras de Nantes \u00c9v\u00e8nements","og_description":"L\u2019\u00e9quicoaching est une approche de plus en plus pl\u00e9biscit\u00e9e par les entreprises souhaitant offrir \u00e0 leurs \u00e9quipes une exp\u00e9rience originale, formatrice et profond\u00e9ment marquante. Bas\u00e9e sur l\u2019interaction entre l\u2019homme et le cheval, elle permet de d\u00e9velopper des comp\u00e9tences cl\u00e9s en mati\u00e8re de leadership, de communication et de coh\u00e9sion d\u2019\u00e9quipe. Organiser \u00e0 Nantes une s\u00e9ance d\u2019\u00e9quicoaching [&hellip;]","og_url":"https:\/\/haras-de-nantes.fr\/evenements\/2025\/09\/25\/les-5-atouts-de-lequicoaching-pour-un-seminaire-dentreprise-a-nantes\/","og_site_name":"Haras de Nantes \u00c9v\u00e8nements","article_published_time":"2025-09-25T13:23:34+00:00","article_modified_time":"2025-10-08T13:45:43+00:00","og_image":[{"width":2560,"height":1440,"url":"https:\/\/haras-de-nantes.fr\/evenements\/wp-content\/uploads\/2025\/10\/Equicoaching-4-scaled.jpg","type":"image\/jpeg"}],"author":"communication","twitter_card":"summary_large_image","twitter_misc":{"\u00c9crit par":"communication","Dur\u00e9e de lecture estim\u00e9e":"4 minutes"},"schema":{"@context":"https:\/\/schema.org","@graph":[{"@type":"Article","@id":"https:\/\/haras-de-nantes.fr\/evenements\/2025\/09\/25\/les-5-atouts-de-lequicoaching-pour-un-seminaire-dentreprise-a-nantes\/#article","isPartOf":{"@id":"https:\/\/haras-de-nantes.fr\/evenements\/2025\/09\/25\/les-5-atouts-de-lequicoaching-pour-un-seminaire-dentreprise-a-nantes\/"},"author":{"name":"communication","@id":"https:\/\/haras-de-nantes.fr\/evenements\/#\/schema\/person\/42fba3092279d18ac8f082e799a54a01"},"headline":"Les 5 atouts de l\u2019\u00e9quicoaching pour un s\u00e9minaire d\u2019entreprise \u00e0 Nantes","datePublished":"2025-09-25T13:23:34+00:00","dateModified":"2025-10-08T13:45:43+00:00","mainEntityOfPage":{"@id":"https:\/\/haras-de-nantes.fr\/evenements\/2025\/09\/25\/les-5-atouts-de-lequicoaching-pour-un-seminaire-dentreprise-a-nantes\/"},"wordCount":728,"commentCount":0,"publisher":{"@id":"https:\/\/haras-de-nantes.fr\/evenements\/#organization"},"image":{"@id":"https:\/\/haras-de-nantes.fr\/evenements\/2025\/09\/25\/les-5-atouts-de-lequicoaching-pour-un-seminaire-dentreprise-a-nantes\/#primaryimage"},"thumbnailUrl":"https:\/\/haras-de-nantes.fr\/evenements\/wp-content\/uploads\/2025\/10\/Equicoaching-4-scaled.jpg","articleSection":["Conseils"],"inLanguage":"fr-FR","potentialAction":[{"@type":"CommentAction","name":"Comment","target":["https:\/\/haras-de-nantes.fr\/evenements\/2025\/09\/25\/les-5-atouts-de-lequicoaching-pour-un-seminaire-dentreprise-a-nantes\/#respond"]}]},{"@type":"WebPage","@id":"https:\/\/haras-de-nantes.fr\/evenements\/2025\/09\/25\/les-5-atouts-de-lequicoaching-pour-un-seminaire-dentreprise-a-nantes\/","url":"https:\/\/haras-de-nantes.fr\/evenements\/2025\/09\/25\/les-5-atouts-de-lequicoaching-pour-un-seminaire-dentreprise-a-nantes\/","name":"Les 5 atouts de l\u2019\u00e9quicoaching pour un s\u00e9minaire d\u2019entreprise \u00e0 Nantes - Haras de Nantes \u00c9v\u00e8nements","isPartOf":{"@id":"https:\/\/haras-de-nantes.fr\/evenements\/#website"},"primaryImageOfPage":{"@id":"https:\/\/haras-de-nantes.fr\/evenements\/2025\/09\/25\/les-5-atouts-de-lequicoaching-pour-un-seminaire-dentreprise-a-nantes\/#primaryimage"},"image":{"@id":"https:\/\/haras-de-nantes.fr\/evenements\/2025\/09\/25\/les-5-atouts-de-lequicoaching-pour-un-seminaire-dentreprise-a-nantes\/#primaryimage"},"thumbnailUrl":"https:\/\/haras-de-nantes.fr\/evenements\/wp-content\/uploads\/2025\/10\/Equicoaching-4-scaled.jpg","datePublished":"2025-09-25T13:23:34+00:00","dateModified":"2025-10-08T13:45:43+00:00","breadcrumb":{"@id":"https:\/\/haras-de-nantes.fr\/evenements\/2025\/09\/25\/les-5-atouts-de-lequicoaching-pour-un-seminaire-dentreprise-a-nantes\/#breadcrumb"},"inLanguage":"fr-FR","potentialAction":[{"@type":"ReadAction","target":["https:\/\/haras-de-nantes.fr\/evenements\/2025\/09\/25\/les-5-atouts-de-lequicoaching-pour-un-seminaire-dentreprise-a-nantes\/"]}]},{"@type":"ImageObject","inLanguage":"fr-FR","@id":"https:\/\/haras-de-nantes.fr\/evenements\/2025\/09\/25\/les-5-atouts-de-lequicoaching-pour-un-seminaire-dentreprise-a-nantes\/#primaryimage","url":"https:\/\/haras-de-nantes.fr\/evenements\/wp-content\/uploads\/2025\/10\/Equicoaching-4-scaled.jpg","contentUrl":"https:\/\/haras-de-nantes.fr\/evenements\/wp-content\/uploads\/2025\/10\/Equicoaching-4-scaled.jpg","width":2560,"height":1440,"caption":"equicoaching nantes"},{"@type":"BreadcrumbList","@id":"https:\/\/haras-de-nantes.fr\/evenements\/2025\/09\/25\/les-5-atouts-de-lequicoaching-pour-un-seminaire-dentreprise-a-nantes\/#breadcrumb","itemListElement":[{"@type":"ListItem","position":1,"name":"Accueil","item":"https:\/\/haras-de-nantes.fr\/evenements\/"},{"@type":"ListItem","position":2,"name":"Les 5 atouts de l\u2019\u00e9quicoaching pour un s\u00e9minaire d\u2019entreprise \u00e0 Nantes"}]},{"@type":"WebSite","@id":"https:\/\/haras-de-nantes.fr\/evenements\/#website","url":"https:\/\/haras-de-nantes.fr\/evenements\/","name":"Haras de Nantes \u00e9v\u00e9nements","description":"","publisher":{"@id":"https:\/\/haras-de-nantes.fr\/evenements\/#organization"},"potentialAction":[{"@type":"SearchAction","target":{"@type":"EntryPoint","urlTemplate":"https:\/\/haras-de-nantes.fr\/evenements\/?s={search_term_string}"},"query-input":{"@type":"PropertyValueSpecification","valueRequired":true,"valueName":"search_term_string"}}],"inLanguage":"fr-FR"},{"@type":"Organization","@id":"https:\/\/haras-de-nantes.fr\/evenements\/#organization","name":"Haras de Nantes \u00e9v\u00e9nements","url":"https:\/\/haras-de-nantes.fr\/evenements\/","logo":{"@type":"ImageObject","inLanguage":"fr-FR","@id":"https:\/\/haras-de-nantes.fr\/evenements\/#\/schema\/logo\/image\/","url":"https:\/\/haras-de-nantes.fr\/evenements\/wp-content\/uploads\/2025\/04\/Logo.png","contentUrl":"https:\/\/haras-de-nantes.fr\/evenements\/wp-content\/uploads\/2025\/04\/Logo.png","width":369,"height":108,"caption":"Haras de Nantes \u00e9v\u00e9nements"},"image":{"@id":"https:\/\/haras-de-nantes.fr\/evenements\/#\/schema\/logo\/image\/"},"sameAs":["https:\/\/www.instagram.com\/haras_de_nantes_evenements\/"]},{"@type":"Person","@id":"https:\/\/haras-de-nantes.fr\/evenements\/#\/schema\/person\/42fba3092279d18ac8f082e799a54a01","name":"communication","image":{"@type":"ImageObject","inLanguage":"fr-FR","@id":"https:\/\/haras-de-nantes.fr\/evenements\/#\/schema\/person\/image\/","url":"https:\/\/secure.gravatar.com\/avatar\/7882907f618f42bd77263475829c440c9c04d8fbbd9fbf954afb1d9372a4435f?s=96&d=mm&r=g","contentUrl":"https:\/\/secure.gravatar.com\/avatar\/7882907f618f42bd77263475829c440c9c04d8fbbd9fbf954afb1d9372a4435f?s=96&d=mm&r=g","caption":"communication"},"sameAs":["https:\/\/haras-de-nantes.fr\/evenements"],"url":"https:\/\/haras-de-nantes.fr\/evenements\/author\/communication\/"}]}},"_links":{"self":[{"href":"https:\/\/haras-de-nantes.fr\/evenements\/wp-json\/wp\/v2\/posts\/639","targetHints":{"allow":["GET"]}}],"collection":[{"href":"https:\/\/haras-de-nantes.fr\/evenements\/wp-json\/wp\/v2\/posts"}],"about":[{"href":"https:\/\/haras-de-nantes.fr\/evenements\/wp-json\/wp\/v2\/types\/post"}],"author":[{"embeddable":true,"href":"https:\/\/haras-de-nantes.fr\/evenements\/wp-json\/wp\/v2\/users\/1"}],"replies":[{"embeddable":true,"href":"https:\/\/haras-de-nantes.fr\/evenements\/wp-json\/wp\/v2\/comments?post=639"}],"version-history":[{"count":14,"href":"https:\/\/haras-de-nantes.fr\/evenements\/wp-json\/wp\/v2\/posts\/639\/revisions"}],"predecessor-version":[{"id":731,"href":"https:\/\/haras-de-nantes.fr\/evenements\/wp-json\/wp\/v2\/posts\/639\/revisions\/731"}],"wp:featuredmedia":[{"embeddable":true,"href":"https:\/\/haras-de-nantes.fr\/evenements\/wp-json\/wp\/v2\/media\/633"}],"wp:attachment":[{"href":"https:\/\/haras-de-nantes.fr\/evenements\/wp-json\/wp\/v2\/media?parent=639"}],"wp:term":[{"taxonomy":"category","embeddable":true,"href":"https:\/\/haras-de-nantes.fr\/evenements\/wp-json\/wp\/v2\/categories?post=639"},{"taxonomy":"post_tag","embeddable":true,"href":"https:\/\/haras-de-nantes.fr\/evenements\/wp-json\/wp\/v2\/tags?post=639"}],"curies":[{"name":"wp","href":"https:\/\/api.w.org\/{rel}","templated":true}]}}