{"id":637,"date":"2025-09-05T15:14:49","date_gmt":"2025-09-05T13:14:49","guid":{"rendered":"https:\/\/haras-de-nantes.fr\/evenements\/?p=637"},"modified":"2025-10-08T15:45:54","modified_gmt":"2025-10-08T13:45:54","slug":"seminaire-dentreprise-et-team-building-a-nantes-comment-sadapter-a-la-taille-de-votre-groupe","status":"publish","type":"post","link":"https:\/\/haras-de-nantes.fr\/evenements\/2025\/09\/05\/seminaire-dentreprise-et-team-building-a-nantes-comment-sadapter-a-la-taille-de-votre-groupe\/","title":{"rendered":"S\u00e9minaire d\u2019entreprise et team building \u00e0 Nantes, comment s\u2019adapter \u00e0 la taille de votre groupe ?"},"content":{"rendered":"\n<p>Organiser un s\u00e9minaire d\u2019entreprise ou une activit\u00e9 de team building ne repose pas uniquement sur le choix du lieu ou du programme. La <strong>taille du groupe<\/strong> joue un r\u00f4le d\u00e9terminant dans la r\u00e9ussite de l\u2019\u00e9v\u00e9nement. Selon que vous r\u00e9unissiez 10, 50, 200 ou plus de 500 collaborateurs, <strong>les objectifs, la logistique et les animations doivent \u00eatre adapt\u00e9s<\/strong> pour garantir coh\u00e9sion, participation et efficacit\u00e9. Un d\u00e9fi qui s\u2019av\u00e8re parfois d\u00e9licat \u00e0 Nantes car vous devrez combiner les objectifs intrins\u00e8ques \u00e0 votre s\u00e9minaire (d\u00e9veloppement de l\u2019esprit d\u2019\u00e9quipe, r\u00e9compense, bouff\u00e9 d&rsquo;oxyg\u00e8ne, etc.), vos contraintes budg\u00e9taires et logistiques, mais en plus de tout <strong>la capacit\u00e9 d\u2019accueil du lieu<\/strong>.<\/p>\n\n\n\n<p>Lorsqu\u2019on met tout \u00e7a bout \u00e0 bout, le nombre d&rsquo;espace offert en p\u00e9riph\u00e9rie Nantaise n\u2019est pas pl\u00e9thorique. Et pour couronner le tout, il faudra s\u2019assurer de la disponibilit\u00e9 des lieux. Un vrai casse t\u00eate, mais rassurez-vous, <strong>cet article vous donne quelques id\u00e9es d\u2019animations originales selon la taille de votre groupe.\u00a0<\/strong><\/p>\n\n\n\n<h2 class=\"wp-block-heading\" style=\"font-size:23px\"><strong>Les petits groupes : favoriser la proximit\u00e9 et la personnalisation<\/strong><\/h2>\n\n\n<div class=\"wp-block-image\">\n<figure class=\"alignleft size-large is-resized\"><img loading=\"lazy\" decoding=\"async\" width=\"1024\" height=\"654\" src=\"https:\/\/haras-de-nantes.fr\/evenements\/wp-content\/uploads\/2025\/10\/Challenge-des-Guideurs-3-1024x654.jpg\" alt=\"team building nantes\" class=\"wp-image-625\" style=\"width:402px;height:auto\" srcset=\"https:\/\/haras-de-nantes.fr\/evenements\/wp-content\/uploads\/2025\/10\/Challenge-des-Guideurs-3-1024x654.jpg 1024w, https:\/\/haras-de-nantes.fr\/evenements\/wp-content\/uploads\/2025\/10\/Challenge-des-Guideurs-3-300x192.jpg 300w, https:\/\/haras-de-nantes.fr\/evenements\/wp-content\/uploads\/2025\/10\/Challenge-des-Guideurs-3-768x490.jpg 768w, https:\/\/haras-de-nantes.fr\/evenements\/wp-content\/uploads\/2025\/10\/Challenge-des-Guideurs-3-1536x981.jpg 1536w, https:\/\/haras-de-nantes.fr\/evenements\/wp-content\/uploads\/2025\/10\/Challenge-des-Guideurs-3-2048x1308.jpg 2048w\" sizes=\"(max-width: 1024px) 100vw, 1024px\" \/><\/figure>\n<\/div>\n\n\n<p>Un s\u00e9minaire avec une dizaine de participants permet une grande <strong>souplesse d\u2019organisation<\/strong>. Les activit\u00e9s peuvent \u00eatre plus immersives et personnalis\u00e9es. Si l\u2019id\u00e9e de monter \u00e0 cheval vous tente, vous pouvez par exemple choisir une initiation ou une balade en for\u00eat. Pour les groupes \u00e0 la recherche d\u2019un esprit comp\u00e9titif, pourquoi ne pas vivre l\u2019exp\u00e9rience d\u2019un concours (version d\u00e9butant bien s\u00fbr).<\/p>\n\n\n\n<p>Mais le petit groupe est \u00e9galement parfait pour d\u00e9velopper des comp\u00e9tences, dans ce cas, un atelier comme le soigneur d\u2019un jour est une super animation d\u2019entreprise. Enfin, si votre s\u00e9minaire doit \u00eatre \u00e9galement l\u2019occasion de travailler sur le leadership ou la communication et la collaboration, l\u2019\u00e9quicoaching est sans doute un atelier qui pourrait vous int\u00e9resser.\u00a0<\/p>\n\n\n\n<h2 class=\"wp-block-heading\" style=\"font-size:23px\"><strong>Les groupes moyens : trouver l\u2019\u00e9quilibre<\/strong><\/h2>\n\n\n<div class=\"wp-block-image\">\n<figure class=\"alignright size-full is-resized\"><img loading=\"lazy\" decoding=\"async\" width=\"1000\" height=\"615\" src=\"https:\/\/haras-de-nantes.fr\/evenements\/wp-content\/uploads\/2025\/10\/1000039645-1.jpg\" alt=\"\" class=\"wp-image-697\" style=\"width:434px;height:auto\" srcset=\"https:\/\/haras-de-nantes.fr\/evenements\/wp-content\/uploads\/2025\/10\/1000039645-1.jpg 1000w, https:\/\/haras-de-nantes.fr\/evenements\/wp-content\/uploads\/2025\/10\/1000039645-1-300x185.jpg 300w, https:\/\/haras-de-nantes.fr\/evenements\/wp-content\/uploads\/2025\/10\/1000039645-1-768x472.jpg 768w\" sizes=\"(max-width: 1000px) 100vw, 1000px\" \/><\/figure>\n<\/div>\n\n\n<p>Avec un groupe de 20 \u00e0 70 participants, l\u2019enjeu est de maintenir un <strong>\u00e9quilibre entre coh\u00e9sion collective et dynamique de sous-groupes<\/strong>. Les activit\u00e9s doivent \u00eatre con\u00e7ues pour rassembler tout le monde, tout en permettant des moments en \u00e9quipes r\u00e9duites afin de favoriser les interactions. Si l\u2019\u00e9quicoaching reste facilement r\u00e9alisable jusqu\u2019\u00e0 60 ou 80 participants, il existe aussi des mixtes chevaux et jeux \u00e0 pieds, voire escape game qui r\u00e9pondront \u00e0 vos attentes. Mais ce qui peut s\u2019av\u00e9rer un must en la mati\u00e8re est la composition d\u2019un spectacle \u00e9questre. En une demi-journ\u00e9e, vous allez allier cr\u00e9ativit\u00e9 artistique, pratiques \u00e9questre et mise en sc\u00e8ne. <\/p>\n\n\n\n<p>Dans ce type d\u2019animation, la force est de proposer \u00e0 chacun un r\u00f4le qui correspond \u00e0 ses attentes des ingr\u00e9dients qui favorisent l\u2019unit\u00e9 du groupe. Une personne ne veut pas approcher un cheval, elle fera tout de m\u00eame partie du spectacle et sera un acteur ou une actrice comme les autres..<\/p>\n\n\n\n<h2 class=\"wp-block-heading\" style=\"font-size:23px\"><strong>Les grands groupes : miser sur l&rsquo;organisation et l&rsquo;impact visuel<\/strong><\/h2>\n\n\n\n<p>Enfin, au-del\u00e0 de 100 personnes, les animations pour des s\u00e9minaires d\u2019entreprise deviennent \u00e0 Nantes de plus en plus rare et leur organisation demande une gestion logistique particuli\u00e8rement rod\u00e9e. Avec cette dimension, l\u2019objectif est de cr\u00e9er un <strong>sentiment d\u2019appartenance collectif<\/strong> sans perdre l\u2019attention des participants. Pourvoir \u00eatre les spectateurs privil\u00e9gi\u00e9s d\u2019un show \u00e9questre ou d\u2019un concours procure un fort sentiment d&rsquo;appartenance.\u00a0<\/p>\n\n\n\n<p>En synth\u00e8se, un s\u00e9minaire d\u2019entreprise ou un team building r\u00e9ussi d\u00e9pend avant tout de l\u2019<strong>ad\u00e9quation entre le format choisi et la taille du groupe<\/strong>. Chaque configuration offre ses avantages, \u00e0 condition de s\u00e9lectionner les activit\u00e9s en cons\u00e9quence. <strong>Adapter votre organisation, c\u2019est transformer un simple \u00e9v\u00e9nement en une v\u00e9ritable exp\u00e9rience collective porteuse de sens<\/strong> et de valeur pour votre entreprise. C\u2019est dans cet esprit et sur la base de ces enjeux que <strong><a href=\"https:\/\/haras-de-nantes.fr\/evenements\/animations\/\">le catalogue d\u2019animation du Haras de Nantes a \u00e9t\u00e9 b\u00e2ti.<\/a><\/strong><\/p>\n","protected":false},"excerpt":{"rendered":"<p>Organiser un s\u00e9minaire d\u2019entreprise ou une activit\u00e9 de team building ne repose pas uniquement sur le choix du lieu ou du programme. La taille du groupe joue un r\u00f4le d\u00e9terminant dans la r\u00e9ussite de l\u2019\u00e9v\u00e9nement. Selon que vous r\u00e9unissiez 10, 50, 200 ou plus de 500 collaborateurs, les objectifs, la logistique et les animations doivent [&hellip;]<\/p>\n","protected":false},"author":1,"featured_media":660,"comment_status":"open","ping_status":"open","sticky":false,"template":"","format":"standard","meta":{"footnotes":""},"categories":[3],"tags":[],"class_list":["post-637","post","type-post","status-publish","format-standard","has-post-thumbnail","hentry","category-conseils"],"yoast_head":"<!-- This site is optimized with the Yoast SEO plugin v26.0 - https:\/\/yoast.com\/wordpress\/plugins\/seo\/ -->\n<title>S\u00e9minaire d\u2019entreprise, comment s\u2019adapter \u00e0 la taille du groupe ?<\/title>\n<meta name=\"description\" content=\"Selon que vous r\u00e9unissiez 10, 50, 200 ou plus de 500 personnes, les objectifs, la logistique et les animations doivent \u00eatre adapt\u00e9s.\" \/>\n<meta name=\"robots\" content=\"index, follow, max-snippet:-1, max-image-preview:large, max-video-preview:-1\" \/>\n<link rel=\"canonical\" href=\"https:\/\/haras-de-nantes.fr\/evenements\/2025\/09\/05\/seminaire-dentreprise-et-team-building-a-nantes-comment-sadapter-a-la-taille-de-votre-groupe\/\" \/>\n<meta property=\"og:locale\" content=\"fr_FR\" \/>\n<meta property=\"og:type\" content=\"article\" \/>\n<meta property=\"og:title\" content=\"S\u00e9minaire d\u2019entreprise, comment s\u2019adapter \u00e0 la taille du groupe ?\" \/>\n<meta property=\"og:description\" content=\"Selon que vous r\u00e9unissiez 10, 50, 200 ou plus de 500 personnes, les objectifs, la logistique et les animations doivent \u00eatre adapt\u00e9s.\" \/>\n<meta property=\"og:url\" content=\"https:\/\/haras-de-nantes.fr\/evenements\/2025\/09\/05\/seminaire-dentreprise-et-team-building-a-nantes-comment-sadapter-a-la-taille-de-votre-groupe\/\" \/>\n<meta property=\"og:site_name\" content=\"Haras de Nantes \u00c9v\u00e8nements\" \/>\n<meta property=\"article:published_time\" content=\"2025-09-05T13:14:49+00:00\" \/>\n<meta property=\"article:modified_time\" content=\"2025-10-08T13:45:54+00:00\" \/>\n<meta property=\"og:image\" content=\"https:\/\/haras-de-nantes.fr\/evenements\/wp-content\/uploads\/2025\/10\/IMG_4808-min-edited-scaled.jpg\" \/>\n\t<meta property=\"og:image:width\" content=\"2560\" \/>\n\t<meta property=\"og:image:height\" content=\"1920\" \/>\n\t<meta property=\"og:image:type\" content=\"image\/jpeg\" \/>\n<meta name=\"author\" content=\"communication\" \/>\n<meta name=\"twitter:card\" content=\"summary_large_image\" \/>\n<meta name=\"twitter:label1\" content=\"\u00c9crit par\" \/>\n\t<meta name=\"twitter:data1\" content=\"communication\" \/>\n\t<meta name=\"twitter:label2\" content=\"Dur\u00e9e de lecture estim\u00e9e\" \/>\n\t<meta name=\"twitter:data2\" content=\"4 minutes\" \/>\n<script type=\"application\/ld+json\" class=\"yoast-schema-graph\">{\"@context\":\"https:\/\/schema.org\",\"@graph\":[{\"@type\":\"Article\",\"@id\":\"https:\/\/haras-de-nantes.fr\/evenements\/2025\/09\/05\/seminaire-dentreprise-et-team-building-a-nantes-comment-sadapter-a-la-taille-de-votre-groupe\/#article\",\"isPartOf\":{\"@id\":\"https:\/\/haras-de-nantes.fr\/evenements\/2025\/09\/05\/seminaire-dentreprise-et-team-building-a-nantes-comment-sadapter-a-la-taille-de-votre-groupe\/\"},\"author\":{\"name\":\"communication\",\"@id\":\"https:\/\/haras-de-nantes.fr\/evenements\/#\/schema\/person\/42fba3092279d18ac8f082e799a54a01\"},\"headline\":\"S\u00e9minaire d\u2019entreprise et team building \u00e0 Nantes, comment s\u2019adapter \u00e0 la taille de votre groupe ?\",\"datePublished\":\"2025-09-05T13:14:49+00:00\",\"dateModified\":\"2025-10-08T13:45:54+00:00\",\"mainEntityOfPage\":{\"@id\":\"https:\/\/haras-de-nantes.fr\/evenements\/2025\/09\/05\/seminaire-dentreprise-et-team-building-a-nantes-comment-sadapter-a-la-taille-de-votre-groupe\/\"},\"wordCount\":690,\"commentCount\":0,\"publisher\":{\"@id\":\"https:\/\/haras-de-nantes.fr\/evenements\/#organization\"},\"image\":{\"@id\":\"https:\/\/haras-de-nantes.fr\/evenements\/2025\/09\/05\/seminaire-dentreprise-et-team-building-a-nantes-comment-sadapter-a-la-taille-de-votre-groupe\/#primaryimage\"},\"thumbnailUrl\":\"https:\/\/haras-de-nantes.fr\/evenements\/wp-content\/uploads\/2025\/10\/IMG_4808-min-edited-scaled.jpg\",\"articleSection\":[\"Conseils\"],\"inLanguage\":\"fr-FR\",\"potentialAction\":[{\"@type\":\"CommentAction\",\"name\":\"Comment\",\"target\":[\"https:\/\/haras-de-nantes.fr\/evenements\/2025\/09\/05\/seminaire-dentreprise-et-team-building-a-nantes-comment-sadapter-a-la-taille-de-votre-groupe\/#respond\"]}]},{\"@type\":\"WebPage\",\"@id\":\"https:\/\/haras-de-nantes.fr\/evenements\/2025\/09\/05\/seminaire-dentreprise-et-team-building-a-nantes-comment-sadapter-a-la-taille-de-votre-groupe\/\",\"url\":\"https:\/\/haras-de-nantes.fr\/evenements\/2025\/09\/05\/seminaire-dentreprise-et-team-building-a-nantes-comment-sadapter-a-la-taille-de-votre-groupe\/\",\"name\":\"S\u00e9minaire d\u2019entreprise, comment s\u2019adapter \u00e0 la taille du groupe ?\",\"isPartOf\":{\"@id\":\"https:\/\/haras-de-nantes.fr\/evenements\/#website\"},\"primaryImageOfPage\":{\"@id\":\"https:\/\/haras-de-nantes.fr\/evenements\/2025\/09\/05\/seminaire-dentreprise-et-team-building-a-nantes-comment-sadapter-a-la-taille-de-votre-groupe\/#primaryimage\"},\"image\":{\"@id\":\"https:\/\/haras-de-nantes.fr\/evenements\/2025\/09\/05\/seminaire-dentreprise-et-team-building-a-nantes-comment-sadapter-a-la-taille-de-votre-groupe\/#primaryimage\"},\"thumbnailUrl\":\"https:\/\/haras-de-nantes.fr\/evenements\/wp-content\/uploads\/2025\/10\/IMG_4808-min-edited-scaled.jpg\",\"datePublished\":\"2025-09-05T13:14:49+00:00\",\"dateModified\":\"2025-10-08T13:45:54+00:00\",\"description\":\"Selon que vous r\u00e9unissiez 10, 50, 200 ou plus de 500 personnes, les objectifs, la logistique et les animations doivent \u00eatre adapt\u00e9s.\",\"breadcrumb\":{\"@id\":\"https:\/\/haras-de-nantes.fr\/evenements\/2025\/09\/05\/seminaire-dentreprise-et-team-building-a-nantes-comment-sadapter-a-la-taille-de-votre-groupe\/#breadcrumb\"},\"inLanguage\":\"fr-FR\",\"potentialAction\":[{\"@type\":\"ReadAction\",\"target\":[\"https:\/\/haras-de-nantes.fr\/evenements\/2025\/09\/05\/seminaire-dentreprise-et-team-building-a-nantes-comment-sadapter-a-la-taille-de-votre-groupe\/\"]}]},{\"@type\":\"ImageObject\",\"inLanguage\":\"fr-FR\",\"@id\":\"https:\/\/haras-de-nantes.fr\/evenements\/2025\/09\/05\/seminaire-dentreprise-et-team-building-a-nantes-comment-sadapter-a-la-taille-de-votre-groupe\/#primaryimage\",\"url\":\"https:\/\/haras-de-nantes.fr\/evenements\/wp-content\/uploads\/2025\/10\/IMG_4808-min-edited-scaled.jpg\",\"contentUrl\":\"https:\/\/haras-de-nantes.fr\/evenements\/wp-content\/uploads\/2025\/10\/IMG_4808-min-edited-scaled.jpg\",\"width\":2560,\"height\":1920},{\"@type\":\"BreadcrumbList\",\"@id\":\"https:\/\/haras-de-nantes.fr\/evenements\/2025\/09\/05\/seminaire-dentreprise-et-team-building-a-nantes-comment-sadapter-a-la-taille-de-votre-groupe\/#breadcrumb\",\"itemListElement\":[{\"@type\":\"ListItem\",\"position\":1,\"name\":\"Accueil\",\"item\":\"https:\/\/haras-de-nantes.fr\/evenements\/\"},{\"@type\":\"ListItem\",\"position\":2,\"name\":\"S\u00e9minaire d\u2019entreprise et team building \u00e0 Nantes, comment s\u2019adapter \u00e0 la taille de votre groupe ?\"}]},{\"@type\":\"WebSite\",\"@id\":\"https:\/\/haras-de-nantes.fr\/evenements\/#website\",\"url\":\"https:\/\/haras-de-nantes.fr\/evenements\/\",\"name\":\"Haras de Nantes \u00e9v\u00e9nements\",\"description\":\"\",\"publisher\":{\"@id\":\"https:\/\/haras-de-nantes.fr\/evenements\/#organization\"},\"potentialAction\":[{\"@type\":\"SearchAction\",\"target\":{\"@type\":\"EntryPoint\",\"urlTemplate\":\"https:\/\/haras-de-nantes.fr\/evenements\/?s={search_term_string}\"},\"query-input\":{\"@type\":\"PropertyValueSpecification\",\"valueRequired\":true,\"valueName\":\"search_term_string\"}}],\"inLanguage\":\"fr-FR\"},{\"@type\":\"Organization\",\"@id\":\"https:\/\/haras-de-nantes.fr\/evenements\/#organization\",\"name\":\"Haras de Nantes \u00e9v\u00e9nements\",\"url\":\"https:\/\/haras-de-nantes.fr\/evenements\/\",\"logo\":{\"@type\":\"ImageObject\",\"inLanguage\":\"fr-FR\",\"@id\":\"https:\/\/haras-de-nantes.fr\/evenements\/#\/schema\/logo\/image\/\",\"url\":\"https:\/\/haras-de-nantes.fr\/evenements\/wp-content\/uploads\/2025\/04\/Logo.png\",\"contentUrl\":\"https:\/\/haras-de-nantes.fr\/evenements\/wp-content\/uploads\/2025\/04\/Logo.png\",\"width\":369,\"height\":108,\"caption\":\"Haras de Nantes \u00e9v\u00e9nements\"},\"image\":{\"@id\":\"https:\/\/haras-de-nantes.fr\/evenements\/#\/schema\/logo\/image\/\"},\"sameAs\":[\"https:\/\/www.instagram.com\/haras_de_nantes_evenements\/\"]},{\"@type\":\"Person\",\"@id\":\"https:\/\/haras-de-nantes.fr\/evenements\/#\/schema\/person\/42fba3092279d18ac8f082e799a54a01\",\"name\":\"communication\",\"image\":{\"@type\":\"ImageObject\",\"inLanguage\":\"fr-FR\",\"@id\":\"https:\/\/haras-de-nantes.fr\/evenements\/#\/schema\/person\/image\/\",\"url\":\"https:\/\/secure.gravatar.com\/avatar\/7882907f618f42bd77263475829c440c9c04d8fbbd9fbf954afb1d9372a4435f?s=96&d=mm&r=g\",\"contentUrl\":\"https:\/\/secure.gravatar.com\/avatar\/7882907f618f42bd77263475829c440c9c04d8fbbd9fbf954afb1d9372a4435f?s=96&d=mm&r=g\",\"caption\":\"communication\"},\"sameAs\":[\"https:\/\/haras-de-nantes.fr\/evenements\"],\"url\":\"https:\/\/haras-de-nantes.fr\/evenements\/author\/communication\/\"}]}<\/script>\n<!-- \/ Yoast SEO plugin. -->","yoast_head_json":{"title":"S\u00e9minaire d\u2019entreprise, comment s\u2019adapter \u00e0 la taille du groupe ?","description":"Selon que vous r\u00e9unissiez 10, 50, 200 ou plus de 500 personnes, les objectifs, la logistique et les animations doivent \u00eatre adapt\u00e9s.","robots":{"index":"index","follow":"follow","max-snippet":"max-snippet:-1","max-image-preview":"max-image-preview:large","max-video-preview":"max-video-preview:-1"},"canonical":"https:\/\/haras-de-nantes.fr\/evenements\/2025\/09\/05\/seminaire-dentreprise-et-team-building-a-nantes-comment-sadapter-a-la-taille-de-votre-groupe\/","og_locale":"fr_FR","og_type":"article","og_title":"S\u00e9minaire d\u2019entreprise, comment s\u2019adapter \u00e0 la taille du groupe ?","og_description":"Selon que vous r\u00e9unissiez 10, 50, 200 ou plus de 500 personnes, les objectifs, la logistique et les animations doivent \u00eatre adapt\u00e9s.","og_url":"https:\/\/haras-de-nantes.fr\/evenements\/2025\/09\/05\/seminaire-dentreprise-et-team-building-a-nantes-comment-sadapter-a-la-taille-de-votre-groupe\/","og_site_name":"Haras de Nantes \u00c9v\u00e8nements","article_published_time":"2025-09-05T13:14:49+00:00","article_modified_time":"2025-10-08T13:45:54+00:00","og_image":[{"width":2560,"height":1920,"url":"https:\/\/haras-de-nantes.fr\/evenements\/wp-content\/uploads\/2025\/10\/IMG_4808-min-edited-scaled.jpg","type":"image\/jpeg"}],"author":"communication","twitter_card":"summary_large_image","twitter_misc":{"\u00c9crit par":"communication","Dur\u00e9e de lecture estim\u00e9e":"4 minutes"},"schema":{"@context":"https:\/\/schema.org","@graph":[{"@type":"Article","@id":"https:\/\/haras-de-nantes.fr\/evenements\/2025\/09\/05\/seminaire-dentreprise-et-team-building-a-nantes-comment-sadapter-a-la-taille-de-votre-groupe\/#article","isPartOf":{"@id":"https:\/\/haras-de-nantes.fr\/evenements\/2025\/09\/05\/seminaire-dentreprise-et-team-building-a-nantes-comment-sadapter-a-la-taille-de-votre-groupe\/"},"author":{"name":"communication","@id":"https:\/\/haras-de-nantes.fr\/evenements\/#\/schema\/person\/42fba3092279d18ac8f082e799a54a01"},"headline":"S\u00e9minaire d\u2019entreprise et team building \u00e0 Nantes, comment s\u2019adapter \u00e0 la taille de votre groupe ?","datePublished":"2025-09-05T13:14:49+00:00","dateModified":"2025-10-08T13:45:54+00:00","mainEntityOfPage":{"@id":"https:\/\/haras-de-nantes.fr\/evenements\/2025\/09\/05\/seminaire-dentreprise-et-team-building-a-nantes-comment-sadapter-a-la-taille-de-votre-groupe\/"},"wordCount":690,"commentCount":0,"publisher":{"@id":"https:\/\/haras-de-nantes.fr\/evenements\/#organization"},"image":{"@id":"https:\/\/haras-de-nantes.fr\/evenements\/2025\/09\/05\/seminaire-dentreprise-et-team-building-a-nantes-comment-sadapter-a-la-taille-de-votre-groupe\/#primaryimage"},"thumbnailUrl":"https:\/\/haras-de-nantes.fr\/evenements\/wp-content\/uploads\/2025\/10\/IMG_4808-min-edited-scaled.jpg","articleSection":["Conseils"],"inLanguage":"fr-FR","potentialAction":[{"@type":"CommentAction","name":"Comment","target":["https:\/\/haras-de-nantes.fr\/evenements\/2025\/09\/05\/seminaire-dentreprise-et-team-building-a-nantes-comment-sadapter-a-la-taille-de-votre-groupe\/#respond"]}]},{"@type":"WebPage","@id":"https:\/\/haras-de-nantes.fr\/evenements\/2025\/09\/05\/seminaire-dentreprise-et-team-building-a-nantes-comment-sadapter-a-la-taille-de-votre-groupe\/","url":"https:\/\/haras-de-nantes.fr\/evenements\/2025\/09\/05\/seminaire-dentreprise-et-team-building-a-nantes-comment-sadapter-a-la-taille-de-votre-groupe\/","name":"S\u00e9minaire d\u2019entreprise, comment s\u2019adapter \u00e0 la taille du groupe ?","isPartOf":{"@id":"https:\/\/haras-de-nantes.fr\/evenements\/#website"},"primaryImageOfPage":{"@id":"https:\/\/haras-de-nantes.fr\/evenements\/2025\/09\/05\/seminaire-dentreprise-et-team-building-a-nantes-comment-sadapter-a-la-taille-de-votre-groupe\/#primaryimage"},"image":{"@id":"https:\/\/haras-de-nantes.fr\/evenements\/2025\/09\/05\/seminaire-dentreprise-et-team-building-a-nantes-comment-sadapter-a-la-taille-de-votre-groupe\/#primaryimage"},"thumbnailUrl":"https:\/\/haras-de-nantes.fr\/evenements\/wp-content\/uploads\/2025\/10\/IMG_4808-min-edited-scaled.jpg","datePublished":"2025-09-05T13:14:49+00:00","dateModified":"2025-10-08T13:45:54+00:00","description":"Selon que vous r\u00e9unissiez 10, 50, 200 ou plus de 500 personnes, les objectifs, la logistique et les animations doivent \u00eatre adapt\u00e9s.","breadcrumb":{"@id":"https:\/\/haras-de-nantes.fr\/evenements\/2025\/09\/05\/seminaire-dentreprise-et-team-building-a-nantes-comment-sadapter-a-la-taille-de-votre-groupe\/#breadcrumb"},"inLanguage":"fr-FR","potentialAction":[{"@type":"ReadAction","target":["https:\/\/haras-de-nantes.fr\/evenements\/2025\/09\/05\/seminaire-dentreprise-et-team-building-a-nantes-comment-sadapter-a-la-taille-de-votre-groupe\/"]}]},{"@type":"ImageObject","inLanguage":"fr-FR","@id":"https:\/\/haras-de-nantes.fr\/evenements\/2025\/09\/05\/seminaire-dentreprise-et-team-building-a-nantes-comment-sadapter-a-la-taille-de-votre-groupe\/#primaryimage","url":"https:\/\/haras-de-nantes.fr\/evenements\/wp-content\/uploads\/2025\/10\/IMG_4808-min-edited-scaled.jpg","contentUrl":"https:\/\/haras-de-nantes.fr\/evenements\/wp-content\/uploads\/2025\/10\/IMG_4808-min-edited-scaled.jpg","width":2560,"height":1920},{"@type":"BreadcrumbList","@id":"https:\/\/haras-de-nantes.fr\/evenements\/2025\/09\/05\/seminaire-dentreprise-et-team-building-a-nantes-comment-sadapter-a-la-taille-de-votre-groupe\/#breadcrumb","itemListElement":[{"@type":"ListItem","position":1,"name":"Accueil","item":"https:\/\/haras-de-nantes.fr\/evenements\/"},{"@type":"ListItem","position":2,"name":"S\u00e9minaire d\u2019entreprise et team building \u00e0 Nantes, comment s\u2019adapter \u00e0 la taille de votre groupe ?"}]},{"@type":"WebSite","@id":"https:\/\/haras-de-nantes.fr\/evenements\/#website","url":"https:\/\/haras-de-nantes.fr\/evenements\/","name":"Haras de Nantes \u00e9v\u00e9nements","description":"","publisher":{"@id":"https:\/\/haras-de-nantes.fr\/evenements\/#organization"},"potentialAction":[{"@type":"SearchAction","target":{"@type":"EntryPoint","urlTemplate":"https:\/\/haras-de-nantes.fr\/evenements\/?s={search_term_string}"},"query-input":{"@type":"PropertyValueSpecification","valueRequired":true,"valueName":"search_term_string"}}],"inLanguage":"fr-FR"},{"@type":"Organization","@id":"https:\/\/haras-de-nantes.fr\/evenements\/#organization","name":"Haras de Nantes \u00e9v\u00e9nements","url":"https:\/\/haras-de-nantes.fr\/evenements\/","logo":{"@type":"ImageObject","inLanguage":"fr-FR","@id":"https:\/\/haras-de-nantes.fr\/evenements\/#\/schema\/logo\/image\/","url":"https:\/\/haras-de-nantes.fr\/evenements\/wp-content\/uploads\/2025\/04\/Logo.png","contentUrl":"https:\/\/haras-de-nantes.fr\/evenements\/wp-content\/uploads\/2025\/04\/Logo.png","width":369,"height":108,"caption":"Haras de Nantes \u00e9v\u00e9nements"},"image":{"@id":"https:\/\/haras-de-nantes.fr\/evenements\/#\/schema\/logo\/image\/"},"sameAs":["https:\/\/www.instagram.com\/haras_de_nantes_evenements\/"]},{"@type":"Person","@id":"https:\/\/haras-de-nantes.fr\/evenements\/#\/schema\/person\/42fba3092279d18ac8f082e799a54a01","name":"communication","image":{"@type":"ImageObject","inLanguage":"fr-FR","@id":"https:\/\/haras-de-nantes.fr\/evenements\/#\/schema\/person\/image\/","url":"https:\/\/secure.gravatar.com\/avatar\/7882907f618f42bd77263475829c440c9c04d8fbbd9fbf954afb1d9372a4435f?s=96&d=mm&r=g","contentUrl":"https:\/\/secure.gravatar.com\/avatar\/7882907f618f42bd77263475829c440c9c04d8fbbd9fbf954afb1d9372a4435f?s=96&d=mm&r=g","caption":"communication"},"sameAs":["https:\/\/haras-de-nantes.fr\/evenements"],"url":"https:\/\/haras-de-nantes.fr\/evenements\/author\/communication\/"}]}},"_links":{"self":[{"href":"https:\/\/haras-de-nantes.fr\/evenements\/wp-json\/wp\/v2\/posts\/637","targetHints":{"allow":["GET"]}}],"collection":[{"href":"https:\/\/haras-de-nantes.fr\/evenements\/wp-json\/wp\/v2\/posts"}],"about":[{"href":"https:\/\/haras-de-nantes.fr\/evenements\/wp-json\/wp\/v2\/types\/post"}],"author":[{"embeddable":true,"href":"https:\/\/haras-de-nantes.fr\/evenements\/wp-json\/wp\/v2\/users\/1"}],"replies":[{"embeddable":true,"href":"https:\/\/haras-de-nantes.fr\/evenements\/wp-json\/wp\/v2\/comments?post=637"}],"version-history":[{"count":15,"href":"https:\/\/haras-de-nantes.fr\/evenements\/wp-json\/wp\/v2\/posts\/637\/revisions"}],"predecessor-version":[{"id":713,"href":"https:\/\/haras-de-nantes.fr\/evenements\/wp-json\/wp\/v2\/posts\/637\/revisions\/713"}],"wp:featuredmedia":[{"embeddable":true,"href":"https:\/\/haras-de-nantes.fr\/evenements\/wp-json\/wp\/v2\/media\/660"}],"wp:attachment":[{"href":"https:\/\/haras-de-nantes.fr\/evenements\/wp-json\/wp\/v2\/media?parent=637"}],"wp:term":[{"taxonomy":"category","embeddable":true,"href":"https:\/\/haras-de-nantes.fr\/evenements\/wp-json\/wp\/v2\/categories?post=637"},{"taxonomy":"post_tag","embeddable":true,"href":"https:\/\/haras-de-nantes.fr\/evenements\/wp-json\/wp\/v2\/tags?post=637"}],"curies":[{"name":"wp","href":"https:\/\/api.w.org\/{rel}","templated":true}]}}